{"id":3316,"date":"2019-08-08T10:55:43","date_gmt":"2019-08-08T10:55:43","guid":{"rendered":"http:\/\/akkusmarkt.de\/Blog\/?p=3316"},"modified":"2019-08-08T10:55:43","modified_gmt":"2019-08-08T10:55:43","slug":"apple-kommt-das-macbook-2020-mit-5g-technik","status":"publish","type":"post","link":"https:\/\/akkusmarkt.de\/Blog\/archive\/3316","title":{"rendered":"Apple: Kommt das MacBook 2020 mit 5G-Technik?"},"content":{"rendered":"\n<p>Apple-J\u00fcnger warten schon lange auf MacBooks mit integriertem Mobilfunkchip. Dieser Traum k\u00f6nnte sich bald erf\u00fcllen: Erste Indizien deuten entsprechende Produktionspl\u00e4ne an.<\/p>\n\n\n\n<p>Weder LTE noch Edge: Wer unterwegs mit dem MacBook im Netz surfen m\u00f6chte, ist auf WLAN oder externe USB-Mobilfunksticks angewiesen. Auch bei anderen Herstellern finden sich kaum Notebooks mit integrierter LTE-Unterst\u00fctzung, obwohl diverse Smartphones den Mobilfunkstandard schon lange nutzen. Nun k\u00f6nnte Apple bereits 2020 die rasant schnelle 5G-Mobilfunktechnik in seinen MacBooks verbauen. Worauf st\u00fctzen sich die Ger\u00fcchte?<\/p>\n\n\n\n<p>Apple MacBook: Spekulationen aus Asien<br>Es liegt nahe, mobile Ger\u00e4te wie Notebooks auch mit mobilem Internet auszustatten. Schon 2011 sorgten Bilder eines vermeintlichen MacBook Pro f\u00fcr Aufsehen: Auf dem auf Ebay aufgetauchten Ger\u00e4t war eine UMTS-Antenne am Monitor zu erkennen. Bis heute hat sich das Konzept aber nicht durchgesetzt, MacBooks kommen nach wie vor ohne Mobilfunktechnik aus. Schenkt man dem Bericht der taiwanischen Digitimes Glauben, k\u00f6nnte das 5G-MacBook bereits in der zweiten Jahresh\u00e4lfte 2020 erscheinen. Gleich 15 einzelne Antennen sollen daf\u00fcr sorgen, dass das Aluminiumgeh\u00e4use des Ger\u00e4ts die gesendeten Informationen nicht zu sehr abschirmt. Auch soll Apple eine kostspielige Antennentechnik aus Keramik verbauen, um die Sende- und Empfangsleistung im Vergleich zu herk\u00f6mmlichen Antennen zu verdoppeln.<\/p>\n\n\n\n<p>Apple: Unterst\u00fctzung vom Profi<br>Ein weiteres Indiz f\u00fcr eine integrierte 5G-technik ist der k\u00fcrzliche Kauf der Modemabteilung des Chipherstellers Intel, wie auf Macwelt nachzulesen ist. Apple holt sich auf diesem Wege geballte Expertise und 2.200 zus\u00e4tzliche Mitarbeiter in die eigenen Reihen, um zuk\u00fcnftig auch die Mobilfunkmodule der eigenen Ger\u00e4te selbstst\u00e4ndig entwickeln zu k\u00f6nnen. Ob Apple schon 2020 den Schritt zum 5G-MacBook macht, ist fraglich.<\/p>\n\n\n\n<p><a href=\"https:\/\/www.akkusmarkt.de\/Laptop-Akkus\/apple.htm\">Apple Laptop Akku<\/a>&nbsp;k\u00fcnnen Sie g\u00fcnstig bei akkusmarkt.de kaufen.Lieferung in wenigen Werktagen.Jetzt bestellen!<\/p>\n","protected":false},"excerpt":{"rendered":"<p>Apple-J\u00fcnger warten schon lange auf MacBooks mit integriertem Mobilfunkchip. Dieser Traum k\u00f6nnte sich bald erf\u00fcllen: Erste Indizien deuten entsprechende Produktionspl\u00e4ne an. Weder LTE noch Edge: Wer unterwegs mit dem MacBook im Netz surfen m\u00f6chte, ist auf WLAN oder externe USB-Mobilfunksticks angewiesen. Auch bei anderen Herstellern finden sich kaum Notebooks mit integrierter LTE-Unterst\u00fctzung, obwohl diverse Smartphones [&hellip;]<\/p>\n","protected":false},"author":1,"featured_media":0,"comment_status":"open","ping_status":"open","sticky":false,"template":"","format":"standard","meta":[],"categories":[48],"tags":[375,2745],"_links":{"self":[{"href":"https:\/\/akkusmarkt.de\/Blog\/wp-json\/wp\/v2\/posts\/3316"}],"collection":[{"href":"https:\/\/akkusmarkt.de\/Blog\/wp-json\/wp\/v2\/posts"}],"about":[{"href":"https:\/\/akkusmarkt.de\/Blog\/wp-json\/wp\/v2\/types\/post"}],"author":[{"embeddable":true,"href":"https:\/\/akkusmarkt.de\/Blog\/wp-json\/wp\/v2\/users\/1"}],"replies":[{"embeddable":true,"href":"https:\/\/akkusmarkt.de\/Blog\/wp-json\/wp\/v2\/comments?post=3316"}],"version-history":[{"count":0,"href":"https:\/\/akkusmarkt.de\/Blog\/wp-json\/wp\/v2\/posts\/3316\/revisions"}],"wp:attachment":[{"href":"https:\/\/akkusmarkt.de\/Blog\/wp-json\/wp\/v2\/media?parent=3316"}],"wp:term":[{"taxonomy":"category","embeddable":true,"href":"https:\/\/akkusmarkt.de\/Blog\/wp-json\/wp\/v2\/categories?post=3316"},{"taxonomy":"post_tag","embeddable":true,"href":"https:\/\/akkusmarkt.de\/Blog\/wp-json\/wp\/v2\/tags?post=3316"}],"curies":[{"name":"wp","href":"https:\/\/api.w.org\/{rel}","templated":true}]}}