{"id":3296,"date":"2019-08-06T15:17:35","date_gmt":"2019-08-06T15:17:35","guid":{"rendered":"http:\/\/akkusmarkt.de\/Blog\/?p=3296"},"modified":"2019-08-06T15:17:35","modified_gmt":"2019-08-06T15:17:35","slug":"venom-2-infos-zum-superheldenfilm","status":"publish","type":"post","link":"http:\/\/akkusmarkt.de\/Blog\/archive\/3296","title":{"rendered":"Venom 2: Infos zum Superheldenfilm"},"content":{"rendered":"\n<p>Ein Instagram-Post l\u00e4sst \u201eVenom\u201c-Fans aufhorchen: Teil zwei ist in Arbeit! Der Hauptdarsteller d\u00fcrfte Kenner nicht \u00fcberraschen, der Regisseur schon.<\/p>\n\n\n\n<p>Fans der Spinne kennen ihn: Spider-Mans Erzfeind Venom, einen au\u00dferirdischen Symbionten. Anf\u00e4nglich nur in den Marvel-Comics zu sehen, pr\u00e4sentierte man ihn 2007 in \u201eSpider-Man 3\u201c erstmals auf der Kinoleinwand. Der Begriff \u201eVenom\u201c fiel dabei allerdings kein einziges Mal, sodass die Presse ihn \u201eBlack Spider-Man\u201c nannte. Sp\u00e4testens im Oktober 2018 musste man den fiesen Schurken allerdings beim Namen nennen \u2013 da zog der Antiheld mit einem eigenen Film in die Kinos. Der lief wohl erfolgreich: Teil zwei ist in Arbeit. Und die Ank\u00fcndigung erfolgt mit einem Paukenschlag!<\/p>\n\n\n\n<p>Venom 2: Erste Infos<br>Jetzt ist die Katze aus dem Sack: Andy Serkis begibt sich in das Marvel-Universum! Der britische \u201eHerr der Ringe\u201c-Star und Regisseur inszeniert die Fortsetzung des Superheldenstreifens \u201eVenom\u201c. \u201eEs passiert tats\u00e4chlich\u201c, teilte Serkis am 5. August 2019 auf Instagram mit.&nbsp;<\/p>\n\n\n\n<p>Er k\u00f6nne es kaum erwarten. Hauptdarsteller Tom Hardy (\u201eMad Max \u2013 Fury Road\u201c) kehrt zu seiner \u201eVenom\u201c-Rolle als Journalist Eddie Brock zur\u00fcck \u2013 der erhielt durch das gleichnamige Alien pl\u00f6tzlich Superkr\u00e4fte.<\/p>\n\n\n\n<p>Venom 2: Drittes Serkis-Projekt<br>Regisseur Ruben Fleischer (\u201eGangster Squad\u201c) brachte den ersten Film 2018 in die Kinos. Darin spielten auch Michelle Williams und Woody Harrelson mit. \u201eVenom 2\u201c ist das dritte Regieprojekt f\u00fcr Serkis nach dem Drama \u201eSolange ich atme\u201c (2017) und der Dschungelbuch-Verfilmung \u201eMogli \u2013 Legende des Dschungels\u201c (2018).<\/p>\n\n\n\n<p>Venom 2: Drehstart 2019<br>Ber\u00fchmtheit erlangte Serkis als Darsteller. Er spielte den Gollum in \u201eDer Herr der Ringe\u201c und den Schimpansen Caesar in der \u201ePlanet der Affen\u201c-Trilogie. Das Studio Sony hofft auf einen Drehstart im Herbst 2019, wie das Branchenblatt \u201eHollywood Reporter\u201c berichtete. Details zur Story sind nicht bekannt.&nbsp;<\/p>\n\n\n\n<p>Der&nbsp;<a href=\"https:\/\/www.akkusmarkt.de\/index.html\">Akku Shop<\/a>&nbsp;mit dem gr\u00f6\u00dften Lager: Schneller Versand von Qualit\u00e4tsakkus f\u00fcr Notebooks,Handys,Smartphones,Laptops,Tablets uvm. Jetzt g\u00fcnstig bestellen!<\/p>\n","protected":false},"excerpt":{"rendered":"<p>Ein Instagram-Post l\u00e4sst \u201eVenom\u201c-Fans aufhorchen: Teil zwei ist in Arbeit! Der Hauptdarsteller d\u00fcrfte Kenner nicht \u00fcberraschen, der Regisseur schon. Fans der Spinne kennen ihn: Spider-Mans Erzfeind Venom, einen au\u00dferirdischen Symbionten. Anf\u00e4nglich nur in den Marvel-Comics zu sehen, pr\u00e4sentierte man ihn 2007 in \u201eSpider-Man 3\u201c erstmals auf der Kinoleinwand. Der Begriff \u201eVenom\u201c fiel dabei allerdings kein [&hellip;]<\/p>\n","protected":false},"author":1,"featured_media":0,"comment_status":"open","ping_status":"open","sticky":false,"template":"","format":"standard","meta":[],"categories":[48],"tags":[2736],"_links":{"self":[{"href":"http:\/\/akkusmarkt.de\/Blog\/wp-json\/wp\/v2\/posts\/3296"}],"collection":[{"href":"http:\/\/akkusmarkt.de\/Blog\/wp-json\/wp\/v2\/posts"}],"about":[{"href":"http:\/\/akkusmarkt.de\/Blog\/wp-json\/wp\/v2\/types\/post"}],"author":[{"embeddable":true,"href":"http:\/\/akkusmarkt.de\/Blog\/wp-json\/wp\/v2\/users\/1"}],"replies":[{"embeddable":true,"href":"http:\/\/akkusmarkt.de\/Blog\/wp-json\/wp\/v2\/comments?post=3296"}],"version-history":[{"count":0,"href":"http:\/\/akkusmarkt.de\/Blog\/wp-json\/wp\/v2\/posts\/3296\/revisions"}],"wp:attachment":[{"href":"http:\/\/akkusmarkt.de\/Blog\/wp-json\/wp\/v2\/media?parent=3296"}],"wp:term":[{"taxonomy":"category","embeddable":true,"href":"http:\/\/akkusmarkt.de\/Blog\/wp-json\/wp\/v2\/categories?post=3296"},{"taxonomy":"post_tag","embeddable":true,"href":"http:\/\/akkusmarkt.de\/Blog\/wp-json\/wp\/v2\/tags?post=3296"}],"curies":[{"name":"wp","href":"https:\/\/api.w.org\/{rel}","templated":true}]}}